{"id":8711,"date":"2026-04-27T18:07:03","date_gmt":"2026-04-27T22:07:03","guid":{"rendered":"https:\/\/visornoticiasve.com.ve\/?p=8711"},"modified":"2026-04-27T18:07:04","modified_gmt":"2026-04-27T22:07:04","slug":"fondo-bolivar-e-inatur-realizaron-formacion-turistica-y-productiva","status":"publish","type":"post","link":"https:\/\/visornoticiasve.com.ve\/?p=8711","title":{"rendered":"Fondo Bol\u00edvar e Inatur realizaron formaci\u00f3n tur\u00edstica y productiva"},"content":{"rendered":"\n<h2 class=\"wp-block-heading\"><em>Esta iniciativa busca impulsar el emprendimiento pesquero, artesanal y gastron\u00f3mico en el Corredor Gastron\u00f3mico El Rosario de Ciudad Bol\u00edvar.<\/em><\/h2>\n\n\n\n<p><strong>Prensa GEB | Ciudad Bol\u00edvar<\/strong><\/p>\n\n\n\n<p>Con el objetivo de seguir impulsando la reactivaci\u00f3n productiva y el fortalecimiento del emprendimiento local, la gesti\u00f3n de la <strong>gobernadora del estado Bol\u00edvar, Yulisbeth Garc\u00eda<\/strong>, llev\u00f3 a cabo una jornada integral de formaci\u00f3n dirigida a emprendedores del <strong>Corredor Gastron\u00f3mico El Rosario<\/strong>, en el <strong>municipio Angostura del Orinoco<\/strong>.<\/p>\n\n\n\n<p>La actividad se desarroll\u00f3 a trav\u00e9s de <strong>Fondo Bol\u00edvar<\/strong>, en conjunto con el <strong>Ministerio de Turismo<\/strong>, mediante <strong>Inatur<\/strong> y el <strong>Movimiento Emprendedor Venezuela<\/strong>. El despliegue estuvo dirigido al sector pesquero artesanal y gastron\u00f3mico, abordando temas estrat\u00e9gicos para la mejora continua de la oferta local, tales como imagen corporativa, atenci\u00f3n al usuario, orientaci\u00f3n al turismo, manejo de quejas y reclamos, y calidad de servicios.<\/p>\n\n\n\n<p>La formaci\u00f3n tambi\u00e9n incluy\u00f3 los fundamentos pr\u00e1cticos de las <strong>5 C del emprendedor<\/strong>. Esta iniciativa busca no solo profesionalizar las pr\u00e1cticas locales, sino tambi\u00e9n promover la sostenibilidad ambiental, el valor agregado de los productos pesqueros y una comercializaci\u00f3n justa y transparente.<\/p>\n\n\n\n<figure class=\"wp-block-gallery has-nested-images columns-default is-cropped wp-block-gallery-1 is-layout-flex wp-block-gallery-is-layout-flex\">\n<figure class=\"wp-block-image size-large\"><img loading=\"lazy\" decoding=\"async\" width=\"588\" height=\"765\" data-id=\"8717\" src=\"https:\/\/visornoticiasve.com.ve\/wp-content\/uploads\/2026\/04\/4-Fondo-Bolivar-.jpeg\" alt=\"\" class=\"wp-image-8717\" srcset=\"https:\/\/visornoticiasve.com.ve\/wp-content\/uploads\/2026\/04\/4-Fondo-Bolivar-.jpeg 588w, https:\/\/visornoticiasve.com.ve\/wp-content\/uploads\/2026\/04\/4-Fondo-Bolivar--231x300.jpeg 231w\" sizes=\"auto, (max-width: 588px) 100vw, 588px\" \/><\/figure>\n\n\n\n<figure class=\"wp-block-image size-large\"><img loading=\"lazy\" decoding=\"async\" width=\"1024\" height=\"876\" data-id=\"8715\" src=\"https:\/\/visornoticiasve.com.ve\/wp-content\/uploads\/2026\/04\/2-Fondo-Bolivar--1024x876.jpeg\" alt=\"\" class=\"wp-image-8715\" srcset=\"https:\/\/visornoticiasve.com.ve\/wp-content\/uploads\/2026\/04\/2-Fondo-Bolivar--1024x876.jpeg 1024w, https:\/\/visornoticiasve.com.ve\/wp-content\/uploads\/2026\/04\/2-Fondo-Bolivar--300x257.jpeg 300w, https:\/\/visornoticiasve.com.ve\/wp-content\/uploads\/2026\/04\/2-Fondo-Bolivar--768x657.jpeg 768w, https:\/\/visornoticiasve.com.ve\/wp-content\/uploads\/2026\/04\/2-Fondo-Bolivar-.jpeg 1122w\" sizes=\"auto, (max-width: 1024px) 100vw, 1024px\" \/><\/figure>\n<\/figure>\n\n\n\n<figure class=\"wp-block-image size-large\"><img loading=\"lazy\" decoding=\"async\" width=\"1024\" height=\"768\" src=\"https:\/\/visornoticiasve.com.ve\/wp-content\/uploads\/2026\/04\/01-Fondo-Bolivar--1024x768.jpeg\" alt=\"\" class=\"wp-image-8716\" srcset=\"https:\/\/visornoticiasve.com.ve\/wp-content\/uploads\/2026\/04\/01-Fondo-Bolivar--1024x768.jpeg 1024w, https:\/\/visornoticiasve.com.ve\/wp-content\/uploads\/2026\/04\/01-Fondo-Bolivar--300x225.jpeg 300w, https:\/\/visornoticiasve.com.ve\/wp-content\/uploads\/2026\/04\/01-Fondo-Bolivar--768x576.jpeg 768w, https:\/\/visornoticiasve.com.ve\/wp-content\/uploads\/2026\/04\/01-Fondo-Bolivar-.jpeg 1280w\" sizes=\"auto, (max-width: 1024px) 100vw, 1024px\" \/><\/figure>\n\n\n\n<h2 class=\"wp-block-heading\"><strong>Agradecimientos<\/strong><\/h2>\n\n\n\n<p><strong>Lilia Golindano<\/strong>, emprendedora de la zona, agradeci\u00f3 a la <strong>gobernadora Yulisbeth Garc\u00eda<\/strong>, al <strong>Ministerio de Turismo<\/strong>, a <strong>Inatur<\/strong> y a <strong>Fondo Bol\u00edvar<\/strong> por creer en el sector productivo regional. \u201cGracias por venir hasta <strong>El Rosario<\/strong> con herramientas \u00fatiles, respeto y compromiso\u201d, expres\u00f3.<\/p>\n\n\n\n<p>Las participantes destacaron que esta acci\u00f3n refleja un ejercicio concreto de gobernabilidad transformadora. Expresaron que la formaci\u00f3n no es un evento aislado, sino una expresi\u00f3n coherente del liderazgo de la <strong>gobernadora Yulisbeth Garc\u00eda<\/strong>, quien ha priorizado el desarrollo territorial desde lo local, lo inclusivo y lo sostenible.<\/p>\n\n\n\n<p>Aseguraron que su gesti\u00f3n reafirma un modelo de gobierno que escucha, acompa\u00f1a y articula. M\u00e1s que otorgar apoyo financiero, se est\u00e1 construyendo capital humano, confianza institucional y capacidad de autogesti\u00f3n en el <strong>estado Bol\u00edvar<\/strong>.<\/p>\n","protected":false},"excerpt":{"rendered":"<p>Esta iniciativa busca impulsar el emprendimiento pesquero, artesanal y gastron\u00f3mico en el Corredor Gastron\u00f3mico El&#8230;<\/p>\n","protected":false},"author":1,"featured_media":8714,"comment_status":"open","ping_status":"closed","sticky":false,"template":"","format":"standard","meta":{"footnotes":""},"categories":[88,3,4],"tags":[15,68,1319,382,571,1317,1318,1093,556],"class_list":["post-8711","post","type-post","status-publish","format-standard","has-post-thumbnail","hentry","category-economia","category-noticias","category-regionales","tag-angostura-del-orinoco","tag-ciudad-bolivar","tag-corredor-gastronomico-el-rosario","tag-emprendimiento","tag-fondo-bolivar-2","tag-inatur","tag-sector-pesquero","tag-turismo-bolivar","tag-yulisbeth-garcia-2"],"_links":{"self":[{"href":"https:\/\/visornoticiasve.com.ve\/index.php?rest_route=\/wp\/v2\/posts\/8711","targetHints":{"allow":["GET"]}}],"collection":[{"href":"https:\/\/visornoticiasve.com.ve\/index.php?rest_route=\/wp\/v2\/posts"}],"about":[{"href":"https:\/\/visornoticiasve.com.ve\/index.php?rest_route=\/wp\/v2\/types\/post"}],"author":[{"embeddable":true,"href":"https:\/\/visornoticiasve.com.ve\/index.php?rest_route=\/wp\/v2\/users\/1"}],"replies":[{"embeddable":true,"href":"https:\/\/visornoticiasve.com.ve\/index.php?rest_route=%2Fwp%2Fv2%2Fcomments&post=8711"}],"version-history":[{"count":1,"href":"https:\/\/visornoticiasve.com.ve\/index.php?rest_route=\/wp\/v2\/posts\/8711\/revisions"}],"predecessor-version":[{"id":8718,"href":"https:\/\/visornoticiasve.com.ve\/index.php?rest_route=\/wp\/v2\/posts\/8711\/revisions\/8718"}],"wp:featuredmedia":[{"embeddable":true,"href":"https:\/\/visornoticiasve.com.ve\/index.php?rest_route=\/wp\/v2\/media\/8714"}],"wp:attachment":[{"href":"https:\/\/visornoticiasve.com.ve\/index.php?rest_route=%2Fwp%2Fv2%2Fmedia&parent=8711"}],"wp:term":[{"taxonomy":"category","embeddable":true,"href":"https:\/\/visornoticiasve.com.ve\/index.php?rest_route=%2Fwp%2Fv2%2Fcategories&post=8711"},{"taxonomy":"post_tag","embeddable":true,"href":"https:\/\/visornoticiasve.com.ve\/index.php?rest_route=%2Fwp%2Fv2%2Ftags&post=8711"}],"curies":[{"name":"wp","href":"https:\/\/api.w.org\/{rel}","templated":true}]}}