{"id":8676,"date":"2026-04-26T16:31:30","date_gmt":"2026-04-26T20:31:30","guid":{"rendered":"https:\/\/visornoticiasve.com.ve\/?p=8676"},"modified":"2026-04-26T16:31:31","modified_gmt":"2026-04-26T20:31:31","slug":"la-gobernadora-yulisbeth-garcia-fortalece-sistema-de-salud-en-bolivar-con-entrega-de-ambulancias","status":"publish","type":"post","link":"https:\/\/visornoticiasve.com.ve\/?p=8676","title":{"rendered":"La gobernadora Yulisbeth Garc\u00eda fortalece sistema de salud en Bol\u00edvar con entrega de ambulancias"},"content":{"rendered":"\n<p><strong>Bajo la premisa de que \u201cal trabajo no le gana nadie\u201d, la mandataria regional entreg\u00f3 dos unidades de traslado totalmente equipadas en Caron\u00ed y Angostura del Orinoco, alcanzando la cifra de 17 ambulancias otorgadas durante su gesti\u00f3n. El Hospital Uyapar y el Complejo Hospitalario Ruiz y P\u00e1ez recibieron las nuevas unidades.<\/strong><\/p>\n\n\n\n<p><strong>Prensa GEB | Ciudad Bol\u00edvar.-<\/strong> En una jornada marcada por el compromiso social y la eficiencia, la <strong>gobernadora del estado Bol\u00edvar, Yulisbeth Garc\u00eda<\/strong>, lider\u00f3 un despliegue masivo para el fortalecimiento del <strong>Sistema P\u00fablico Nacional de Salud<\/strong>, mediante las pol\u00edticas sociales de la ** presidenta encargada, Delcy Rodr\u00edguez**.<\/p>\n\n\n\n<p>Bajo la premisa de que \u201cal trabajo no le gana nadie\u201d, la mandataria regional hizo entrega de dos unidades de traslado totalmente equipadas en <strong>Caron\u00ed<\/strong> y <strong>Angostura del Orinoco<\/strong>, alcanzando la cifra hist\u00f3rica de <strong>17 ambulancias<\/strong> otorgadas durante su gesti\u00f3n.<\/p>\n\n\n\n<p>La jornada inici\u00f3 en el municipio <strong>Caron\u00ed<\/strong>, espec\u00edficamente en el <strong>Hospital Uyapar<\/strong>. Dando cumplimiento a lo anunciado previamente en su programa radial <strong>\u201cPor Amor a Bol\u00edvar\u201d<\/strong>, la <strong>gobernadora<\/strong> entreg\u00f3 una ambulancia de \u00faltima generaci\u00f3n. En el acto estuvo acompa\u00f1ada por el <strong>alcalde Yanny Alonzo<\/strong>; la autoridad \u00fanica de Salud, <strong>Dr. Eidilio Pernalete<\/strong>; y el director del centro, <strong>Dr. Jorge Machado<\/strong>.<\/p>\n\n\n\n<p>\u201cLo anunciamos y lo cumplimos\u201d, enfatiz\u00f3 <strong>Garc\u00eda<\/strong>, destacando que estas acciones son posibles gracias al respaldo absoluto del <strong>Gobierno bolivariano<\/strong>, cuyas pol\u00edticas sociales han sido fundamentales para garantizar la atenci\u00f3n gratuita y de calidad a los bolivarenses.<\/p>\n\n\n\n<figure class=\"wp-block-gallery has-nested-images columns-default is-cropped wp-block-gallery-1 is-layout-flex wp-block-gallery-is-layout-flex\">\n<figure class=\"wp-block-image size-large\"><img loading=\"lazy\" decoding=\"async\" width=\"1024\" height=\"768\" data-id=\"8682\" src=\"https:\/\/visornoticiasve.com.ve\/wp-content\/uploads\/2026\/04\/5-Ambulancias-1024x768.jpg\" alt=\"\" class=\"wp-image-8682\" srcset=\"https:\/\/visornoticiasve.com.ve\/wp-content\/uploads\/2026\/04\/5-Ambulancias-1024x768.jpg 1024w, https:\/\/visornoticiasve.com.ve\/wp-content\/uploads\/2026\/04\/5-Ambulancias-300x225.jpg 300w, https:\/\/visornoticiasve.com.ve\/wp-content\/uploads\/2026\/04\/5-Ambulancias-768x576.jpg 768w, https:\/\/visornoticiasve.com.ve\/wp-content\/uploads\/2026\/04\/5-Ambulancias.jpg 1280w\" sizes=\"auto, (max-width: 1024px) 100vw, 1024px\" \/><\/figure>\n\n\n\n<figure class=\"wp-block-image size-large\"><img loading=\"lazy\" decoding=\"async\" width=\"1024\" height=\"768\" data-id=\"8681\" src=\"https:\/\/visornoticiasve.com.ve\/wp-content\/uploads\/2026\/04\/5-Ambulancias--1024x768.jpg\" alt=\"\" class=\"wp-image-8681\" srcset=\"https:\/\/visornoticiasve.com.ve\/wp-content\/uploads\/2026\/04\/5-Ambulancias--1024x768.jpg 1024w, https:\/\/visornoticiasve.com.ve\/wp-content\/uploads\/2026\/04\/5-Ambulancias--300x225.jpg 300w, https:\/\/visornoticiasve.com.ve\/wp-content\/uploads\/2026\/04\/5-Ambulancias--768x576.jpg 768w, https:\/\/visornoticiasve.com.ve\/wp-content\/uploads\/2026\/04\/5-Ambulancias-.jpg 1280w\" sizes=\"auto, (max-width: 1024px) 100vw, 1024px\" \/><\/figure>\n\n\n\n<figure class=\"wp-block-image size-large\"><img loading=\"lazy\" decoding=\"async\" width=\"1024\" height=\"768\" data-id=\"8680\" src=\"https:\/\/visornoticiasve.com.ve\/wp-content\/uploads\/2026\/04\/1-Ambulancias-1024x768.jpg\" alt=\"\" class=\"wp-image-8680\" srcset=\"https:\/\/visornoticiasve.com.ve\/wp-content\/uploads\/2026\/04\/1-Ambulancias-1024x768.jpg 1024w, https:\/\/visornoticiasve.com.ve\/wp-content\/uploads\/2026\/04\/1-Ambulancias-300x225.jpg 300w, https:\/\/visornoticiasve.com.ve\/wp-content\/uploads\/2026\/04\/1-Ambulancias-768x576.jpg 768w, https:\/\/visornoticiasve.com.ve\/wp-content\/uploads\/2026\/04\/1-Ambulancias.jpg 1280w\" sizes=\"auto, (max-width: 1024px) 100vw, 1024px\" \/><\/figure>\n\n\n\n<figure class=\"wp-block-image size-large\"><img loading=\"lazy\" decoding=\"async\" width=\"1024\" height=\"768\" data-id=\"8679\" src=\"https:\/\/visornoticiasve.com.ve\/wp-content\/uploads\/2026\/04\/3-ambulancias-1024x768.jpg\" alt=\"\" class=\"wp-image-8679\" srcset=\"https:\/\/visornoticiasve.com.ve\/wp-content\/uploads\/2026\/04\/3-ambulancias-1024x768.jpg 1024w, https:\/\/visornoticiasve.com.ve\/wp-content\/uploads\/2026\/04\/3-ambulancias-300x225.jpg 300w, https:\/\/visornoticiasve.com.ve\/wp-content\/uploads\/2026\/04\/3-ambulancias-768x576.jpg 768w, https:\/\/visornoticiasve.com.ve\/wp-content\/uploads\/2026\/04\/3-ambulancias.jpg 1280w\" sizes=\"auto, (max-width: 1024px) 100vw, 1024px\" \/><\/figure>\n<\/figure>\n\n\n\n<h2 class=\"wp-block-heading\">Optimizaci\u00f3n en la capital<\/h2>\n\n\n\n<p>Continuando con el despliegue en el municipio <strong>Angostura del Orinoco<\/strong>, la gesti\u00f3n regional dot\u00f3 al <strong>Complejo Hospitalario Universitario Ruiz y P\u00e1ez<\/strong> con una nueva unidad de traslado. Esta incorporaci\u00f3n busca optimizar la capacidad de respuesta ante emergencias y traslados cr\u00edticos en la capital del <strong>estado Bol\u00edvar<\/strong>.<\/p>\n\n\n\n<p><strong>Garc\u00eda<\/strong> subray\u00f3 que estas entregas forman parte del proyecto de transformaci\u00f3n liderado por el <strong>presidente Nicol\u00e1s Maduro<\/strong>. En compa\u00f1\u00eda del <strong>alcalde Sergio Hern\u00e1ndez<\/strong>, reafirm\u00f3 su voluntad de seguir recuperando la capacidad operativa de los centros asistenciales de mayor impacto en la regi\u00f3n.<\/p>\n\n\n\n<p>Con estas dos nuevas incorporaciones, la gesti\u00f3n de <strong>Yulisbeth Garc\u00eda<\/strong> suma un total de <strong>17 ambulancias<\/strong> entregadas en lo que va de mandato, consolidando una red de atenci\u00f3n prehospitalaria sin precedentes en la entidad. La <strong>gobernadora<\/strong> finaliz\u00f3 extendiendo un reconocimiento especial a la <strong>presidenta encargada Delcy Rodr\u00edguez<\/strong>, cuyo apoyo constante ha sido el motor para materializar estos avances en materia de salud p\u00fablica.<\/p>\n","protected":false},"excerpt":{"rendered":"<p>Bajo la premisa de que \u201cal trabajo no le gana nadie\u201d, la mandataria regional entreg\u00f3&#8230;<\/p>\n","protected":false},"author":1,"featured_media":8683,"comment_status":"open","ping_status":"closed","sticky":false,"template":"","format":"standard","meta":{"footnotes":""},"categories":[3,4,23],"tags":[1311,68,153,747,935,1293,1310,546,556],"class_list":["post-8676","post","type-post","status-publish","format-standard","has-post-thumbnail","hentry","category-noticias","category-regionales","category-salud","tag-ambulancias-venezuela","tag-ciudad-bolivar","tag-gestion-publica","tag-gobernacion-de-bolivar","tag-hospital-ruiz-y-paez","tag-hospital-uyapar","tag-salud-en-bolivar","tag-san-felix","tag-yulisbeth-garcia-2"],"_links":{"self":[{"href":"https:\/\/visornoticiasve.com.ve\/index.php?rest_route=\/wp\/v2\/posts\/8676","targetHints":{"allow":["GET"]}}],"collection":[{"href":"https:\/\/visornoticiasve.com.ve\/index.php?rest_route=\/wp\/v2\/posts"}],"about":[{"href":"https:\/\/visornoticiasve.com.ve\/index.php?rest_route=\/wp\/v2\/types\/post"}],"author":[{"embeddable":true,"href":"https:\/\/visornoticiasve.com.ve\/index.php?rest_route=\/wp\/v2\/users\/1"}],"replies":[{"embeddable":true,"href":"https:\/\/visornoticiasve.com.ve\/index.php?rest_route=%2Fwp%2Fv2%2Fcomments&post=8676"}],"version-history":[{"count":1,"href":"https:\/\/visornoticiasve.com.ve\/index.php?rest_route=\/wp\/v2\/posts\/8676\/revisions"}],"predecessor-version":[{"id":8684,"href":"https:\/\/visornoticiasve.com.ve\/index.php?rest_route=\/wp\/v2\/posts\/8676\/revisions\/8684"}],"wp:featuredmedia":[{"embeddable":true,"href":"https:\/\/visornoticiasve.com.ve\/index.php?rest_route=\/wp\/v2\/media\/8683"}],"wp:attachment":[{"href":"https:\/\/visornoticiasve.com.ve\/index.php?rest_route=%2Fwp%2Fv2%2Fmedia&parent=8676"}],"wp:term":[{"taxonomy":"category","embeddable":true,"href":"https:\/\/visornoticiasve.com.ve\/index.php?rest_route=%2Fwp%2Fv2%2Fcategories&post=8676"},{"taxonomy":"post_tag","embeddable":true,"href":"https:\/\/visornoticiasve.com.ve\/index.php?rest_route=%2Fwp%2Fv2%2Ftags&post=8676"}],"curies":[{"name":"wp","href":"https:\/\/api.w.org\/{rel}","templated":true}]}}