{"id":8669,"date":"2026-04-26T13:51:54","date_gmt":"2026-04-26T17:51:54","guid":{"rendered":"https:\/\/visornoticiasve.com.ve\/?p=8669"},"modified":"2026-04-26T13:56:02","modified_gmt":"2026-04-26T17:56:02","slug":"alcalde-yanny-alonzo-consolida-transformacion-de-caroni-con-obras-de-salud-y-deporte","status":"publish","type":"post","link":"https:\/\/visornoticiasve.com.ve\/?p=8669","title":{"rendered":"Alcalde Yanny Alonzo consolida transformaci\u00f3n de Caron\u00ed con obras de salud y deporte"},"content":{"rendered":"\n<h2 class=\"wp-block-heading\"><em>Como parte de la gesti\u00f3n municipal que se desarrolla en el estado Bol\u00edvar, el mandatario local destac\u00f3 la importancia de trabajar junto al pueblo y en perfecta fusi\u00f3n con todos los sectores que hacen vida en el municipio.<\/em><\/h2>\n\n\n\n<p><strong>Prensa Alcald\u00eda Bolivariana de Caron\u00ed<\/strong><\/p>\n\n\n\n<p>La transformaci\u00f3n del municipio <strong>Caron\u00ed<\/strong> contin\u00faa avanzando con el compromiso y el trabajo constante del <strong>alcalde Yanny Alonzo<\/strong>, enmarcado en las pol\u00edticas p\u00fablicas impulsadas por la <strong>presidenta encargada Delcy Rodr\u00edguez<\/strong>, y afianzada en el estado por la <strong>gobernadora Yulisbeth Garc\u00eda<\/strong> bajo el lema \u00abPor Amor a Bol\u00edvar\u00bb.<\/p>\n\n\n\n<p>En ese accionar constante, el <strong>alcalde Yanny Alonzo<\/strong> resalta el acompa\u00f1amiento del poder popular organizado a trav\u00e9s de los consejos comunales, comunas y movimientos sociales. Este voluntariado, con un marcado sentido de pertenencia, ha contribuido a la cristalizaci\u00f3n de grandes proyectos como la recuperaci\u00f3n de espacios comunes, escuelas, centros de salud, vialidades y las mejoras en los servicios p\u00fablicos.<\/p>\n\n\n\n<p>Al respecto, <strong>Alonzo<\/strong> afirm\u00f3 que su gesti\u00f3n est\u00e1 encaminada hacia la consolidaci\u00f3n de ciudades m\u00e1s humanas. \u00abPara ello seguimos articulando con el pueblo, ese liderazgo popular que se fortalece gracias a las pol\u00edticas del <strong>presidente Nicol\u00e1s Maduro<\/strong> a trav\u00e9s de la participaci\u00f3n democr\u00e1tica y protag\u00f3nica\u00bb, se\u00f1al\u00f3 en referencia a las <strong>Consultas Populares Nacionales<\/strong> realizadas recientemente, cuyos proyectos simbolizan la gobernanza comunal.<\/p>\n\n\n\n<figure class=\"wp-block-image size-large\"><img loading=\"lazy\" decoding=\"async\" width=\"1024\" height=\"441\" src=\"https:\/\/visornoticiasve.com.ve\/wp-content\/uploads\/2026\/04\/IMG-20260426-WA0185-1024x441.jpg\" alt=\"\" class=\"wp-image-8672\" srcset=\"https:\/\/visornoticiasve.com.ve\/wp-content\/uploads\/2026\/04\/IMG-20260426-WA0185-1024x441.jpg 1024w, https:\/\/visornoticiasve.com.ve\/wp-content\/uploads\/2026\/04\/IMG-20260426-WA0185-300x129.jpg 300w, https:\/\/visornoticiasve.com.ve\/wp-content\/uploads\/2026\/04\/IMG-20260426-WA0185-768x331.jpg 768w, https:\/\/visornoticiasve.com.ve\/wp-content\/uploads\/2026\/04\/IMG-20260426-WA0185.jpg 1080w\" sizes=\"auto, (max-width: 1024px) 100vw, 1024px\" \/><\/figure>\n\n\n\n<h2 class=\"wp-block-heading\"><strong>Transformando la salud<\/strong><\/h2>\n\n\n\n<p>En materia de salud, el <strong>alcalde de Caron\u00ed<\/strong> mencion\u00f3 a las <strong>20 personas<\/strong> beneficiadas en las jornadas quir\u00fargicas realizadas en la <strong>Cl\u00ednica Popular Dr. Evaristo Rodr\u00edguez<\/strong>. Asimismo, destac\u00f3 la atenci\u00f3n integral brindada a los ni\u00f1os en zonas como <strong>San Jos\u00e9 de Cacahual<\/strong>, en la <strong>parroquia 11 de Abril<\/strong>, siguiendo las orientaciones de la <strong>presidenta encargada Delcy Rodr\u00edguez<\/strong> y la <strong>gobernadora Yulisbeth Garc\u00eda<\/strong>, en fusi\u00f3n con los equipos de salud, protecci\u00f3n social, <strong>Registro Civil<\/strong> y <strong>Cdmnna<\/strong>.<\/p>\n\n\n\n<p>\u00abNo podemos dejar de mencionar y agradecer la ambulancia nueva que mi hermana y <strong>gobernadora, Yulisbeth Garc\u00eda<\/strong>, entreg\u00f3 al <strong>Hospital Uyapar<\/strong>. Esto forma parte del fortalecimiento del <strong>Sistema P\u00fablico Nacional de Salud<\/strong> en la entidad y garantiza m\u00e1s atenci\u00f3n a nuestra gente\u00bb, afirm\u00f3.<\/p>\n\n\n\n<h2 class=\"wp-block-heading\"><strong>\u00a1Donde hay deporte, hay futuro!<\/strong><\/h2>\n\n\n\n<p>Para <strong>Yanny Alonzo<\/strong>, el deporte trasciende la infraestructura; representa el progreso, desarrollo y felicidad de la juventud. Mediante el programa <strong>\u00abMi cancha bonita\u00bb<\/strong>, el <strong>alcalde de Caron\u00ed<\/strong> entreg\u00f3 materiales deportivos para las disciplinas de baloncesto, f\u00fatbol sala y v\u00f3leibol en diversas canchas de usos m\u00faltiples.<\/p>\n\n\n\n<p>Entre los espacios beneficiados destacan la <strong>\u00d1ato Romero<\/strong> del sector <strong>Moreno de Mendoza<\/strong>, <strong>Los Mes\u00edas<\/strong> en <strong>Las Parcelas<\/strong>, <strong>R\u00f3mulo Gallegos<\/strong>, <strong>La Laja<\/strong> en <strong>El Roble<\/strong> (<strong>parroquia Sim\u00f3n Bol\u00edvar<\/strong>); <strong>La Gallina<\/strong> en <strong>Jos\u00e9 Gregorio Hern\u00e1ndez<\/strong> (<strong>parroquia 11 de Abril<\/strong>); <strong>Los Delfines<\/strong> y <strong>La Ceiba<\/strong> en <strong>Unare<\/strong>; la <strong>Jos\u00e9 Leiva<\/strong> y <strong>Brisas del Sur<\/strong> en <strong>Chirica<\/strong>, as\u00ed como la <strong>Jos\u00e9 Lovera<\/strong> en <strong>Vista al Sol<\/strong>.<\/p>\n\n\n\n<p>Otros espacios deportivos fueron remozados, tales como el <strong>Polideportivo El Gallo<\/strong> en <strong>Sim\u00f3n Bol\u00edvar<\/strong>, el <strong>Complejo Deportivo Manuel Piar<\/strong> en <strong>Bella Vista<\/strong>, la cancha m\u00faltiple de la <strong>Casa de Gobierno Popular<\/strong> en <strong>Chirica<\/strong> y el <strong>Complejo de Canchas de Arena Manuel Carlos Piar<\/strong> en el centro de <strong>San F\u00e9lix<\/strong>, donde recientemente se llev\u00f3 a cabo la final de la <strong>7ma V\u00e1lida de V\u00f3leibol de Arena<\/strong>.<\/p>\n\n\n\n<p>\u00abCaron\u00ed se transforma demostrando el compromiso firme con el desarrollo deportivo como herramienta de integraci\u00f3n, salud y bienestar social\u00bb, expres\u00f3 el mandatario local.<\/p>\n\n\n\n<h2 class=\"wp-block-heading\"><strong>Hito deportivo<\/strong><\/h2>\n\n\n\n<p>El <strong>alcalde Yanny Alonzo<\/strong> resalt\u00f3 con orgullo la creaci\u00f3n del equipo de v\u00f3leibol <strong>Centellas de Guayana<\/strong>, que representar\u00e1 al <strong>estado Bol\u00edvar<\/strong> en competencias nacionales. Esta iniciativa es fruto del trabajo conjunto con la <strong>Gobernaci\u00f3n del estado Bol\u00edvar<\/strong>, la <strong>Alcald\u00eda Bolivariana<\/strong>, el poder popular organizado y las organizaciones deportivas, con el prop\u00f3sito de convertir al municipio en un referente de la promoci\u00f3n del deporte como derecho fundamental.<\/p>\n\n\n\n<p><\/p>\n","protected":false},"excerpt":{"rendered":"<p>Como parte de la gesti\u00f3n municipal que se desarrolla en el estado Bol\u00edvar, el mandatario&#8230;<\/p>\n","protected":false},"author":1,"featured_media":8673,"comment_status":"open","ping_status":"closed","sticky":false,"template":"","format":"standard","meta":{"footnotes":""},"categories":[20,3,4],"tags":[1306,1308,1307,38,990,432,1309,546,460],"class_list":["post-8669","post","type-post","status-publish","format-standard","has-post-thumbnail","hentry","category-gestion-publica","category-noticias","category-regionales","tag-alcaldia-de-caroni","tag-centellas-de-guayana","tag-deporte-en-bolivar","tag-estado-bolivar","tag-gestion-municipal","tag-puerto-ordaz","tag-salud-publica-venezuela","tag-san-felix","tag-yanny-alonzo"],"_links":{"self":[{"href":"https:\/\/visornoticiasve.com.ve\/index.php?rest_route=\/wp\/v2\/posts\/8669","targetHints":{"allow":["GET"]}}],"collection":[{"href":"https:\/\/visornoticiasve.com.ve\/index.php?rest_route=\/wp\/v2\/posts"}],"about":[{"href":"https:\/\/visornoticiasve.com.ve\/index.php?rest_route=\/wp\/v2\/types\/post"}],"author":[{"embeddable":true,"href":"https:\/\/visornoticiasve.com.ve\/index.php?rest_route=\/wp\/v2\/users\/1"}],"replies":[{"embeddable":true,"href":"https:\/\/visornoticiasve.com.ve\/index.php?rest_route=%2Fwp%2Fv2%2Fcomments&post=8669"}],"version-history":[{"count":2,"href":"https:\/\/visornoticiasve.com.ve\/index.php?rest_route=\/wp\/v2\/posts\/8669\/revisions"}],"predecessor-version":[{"id":8675,"href":"https:\/\/visornoticiasve.com.ve\/index.php?rest_route=\/wp\/v2\/posts\/8669\/revisions\/8675"}],"wp:featuredmedia":[{"embeddable":true,"href":"https:\/\/visornoticiasve.com.ve\/index.php?rest_route=\/wp\/v2\/media\/8673"}],"wp:attachment":[{"href":"https:\/\/visornoticiasve.com.ve\/index.php?rest_route=%2Fwp%2Fv2%2Fmedia&parent=8669"}],"wp:term":[{"taxonomy":"category","embeddable":true,"href":"https:\/\/visornoticiasve.com.ve\/index.php?rest_route=%2Fwp%2Fv2%2Fcategories&post=8669"},{"taxonomy":"post_tag","embeddable":true,"href":"https:\/\/visornoticiasve.com.ve\/index.php?rest_route=%2Fwp%2Fv2%2Ftags&post=8669"}],"curies":[{"name":"wp","href":"https:\/\/api.w.org\/{rel}","templated":true}]}}